{"id":3002,"date":"2026-01-30T19:47:34","date_gmt":"2026-01-30T18:47:34","guid":{"rendered":"https:\/\/improconsultores.com\/?p=3002"},"modified":"2026-05-04T21:57:30","modified_gmt":"2026-05-04T20:57:30","slug":"generacion-z-productos-que-demandan","status":"publish","type":"post","link":"https:\/\/laughing-merkle.178-33-114-166.plesk.page\/?p=3002","title":{"rendered":"Generaci\u00f3n Z, \u00bfles estamos ofreciendo los productos que demandan?"},"content":{"rendered":"<p>Hace unos d\u00edas le\u00ed un art\u00edculo muy interesante titulado <a href=\"https:\/\/www.gastroactitud.com\/pista\/genercion-z\/\" target=\"_blank\" rel=\"noopener\"><strong>\u201c\u00bfQu\u00e9 busca la Generaci\u00f3n Z?\u201d<\/strong><\/a> de <strong><a href=\"http:\/\/www.gastroactitud.com\" target=\"_blank\" rel=\"noopener\">www.gastroactitud.com<\/a><\/strong>. Desde entonces le estoy dando vueltas a la cabeza\u2026 todo gira en torno a una pregunta: \u00bfporqu\u00e9 cuesta tanto encontrar productos y servicios que satisfagan las necesidades de nuestros j\u00f3venes y adolescentes?. \u00bfEst\u00e1n las empresas preparadas para atender sus demandas?.<\/p>\n<p>Son una generaci\u00f3n llena de bonitos valores y principios, con una preferencia clara por el <strong>consumo socialmente responsable<\/strong>. Aman a los animales y la naturaleza, luchan por la igualdad de g\u00e9nero y la diversidad. Salen de fiesta (no pod\u00eda ser de otra manera), no pueden vivir sin WiFi, son autosuficientes, autodidactas y est\u00e1n muy preparados y preparadas.<\/p>\n<p>Ese art\u00edculo me interes\u00f3 mucho porque, como investigadora, me gusta leer art\u00edculos acerca de las preferencias de los consumidores. Pero \u00e9ste en concreto me gust\u00f3 especialmente porque mi hija pertenece a esa generaci\u00f3n y la vi reflejada en el art\u00edculo.<\/p>\n<p>Por cierto, si tu empresa pertenece al sector de la restauraci\u00f3n, te recomiendo la lectura completa del art\u00edculo que he enlazado arriba. Y si trabajas en otro sector sigue leyendo aqu\u00ed porque <strong>es la generaci\u00f3n a la que pertenecen el 15% de la poblaci\u00f3n espa\u00f1ola, \u00bfest\u00e1s ofreciendo lo que ellos y ellas buscan?.<\/strong><\/p>\n<h3><span style=\"color: #62c0ba;\">Principales caracter\u00edsticas de los \u201cConsumidores Z\u201d<\/span><\/h3>\n<p><em>\u201cLos consumidores Z quieren cambiar el mundo, aunque a\u00fan no saben c\u00f3mo\u201d<\/em>. (Gastroactitud)<\/p>\n<p>Las personas que pertenecen a la Generaci\u00f3n Z nacieron entre 1994 y 2010, por lo tanto hoy tienen entre 8 y 24 a\u00f1os. Son los primeros nativos digitales, nacieron con una pantalla delante y conexi\u00f3n a Internet, esto es una parte inseparable de sus vidas.<br \/>\nSu poder adquisitivo y de decisi\u00f3n es todav\u00eda limitado, pero son capaces de comunicar y defender sus intereses con argumentos. <strong>Esta generaci\u00f3n est\u00e1 mucho m\u00e1s informada que sus antecesores los millennials<\/strong>.<\/p>\n<p>Lo siento millennials, ya no sois tan interesantes como antes \u2026 \u201clos Z\u201d os han quitado el primer puesto en el ranking de inter\u00e9s para estudiar las preferencias de los consumidores.<\/p>\n<h3><span style=\"color: #62c0ba;\">\u00bfQu\u00e9 busca la Generaci\u00f3n Z?<\/span><\/h3>\n<p>Si ven algo que les gusta en sus redes sociales y se lo recomiendan de manera espont\u00e1nea, querr\u00e1n probarlo. No siempre buscan activamente las recomendaciones y no siempre se las creen, pero si lo ven y les parece atractivo (sobre todo en su Instagram y en formato v\u00eddeo), lo buscar\u00e1n. Si adem\u00e1s les ofreces un \u201cextra\u201d en cuanto a experiencia a vivir (m\u00fasica, tecnolog\u00eda, etc.), ya te los has ganado.<\/p>\n<p><strong>Los Z son muy exigentes<\/strong>, la mayor\u00eda de ellos tienen cubiertas sus necesidades b\u00e1sicas, pero tambi\u00e9n <strong>han vivido la crisis econ\u00f3mica y eso les ha hecho algo responsables<\/strong> (no del todo, debido a su juventud). En cuanto a gastronom\u00eda les gustan mucho dos tendencias: \u201cThe good food\u201d -comida \u201cde verdad\u201d, menos procesada- y la \u201cflexiteriana\u201d -no son personas vegetarianas estrictas pero el 43% reduce por decisi\u00f3n propia su consumo de carne roja e incluso la eliminan de su dieta-.<\/p>\n<p><strong>En cuanto al consumo de ropa y complementos, prefieren las firmas \u201csocialmente responsables\u201d. <\/strong>Un bulo (\u00bfo una realidad?) acerca de marcas que fabrican a base de explotaci\u00f3n infantil les produce un rechazo inmediato y buscan otras opciones. <strong>Y es aqu\u00ed donde veo un claro nicho de mercado muy poco explotado<\/strong>, al menos en Zaragoza, seguro que si hubiera m\u00e1s <strong>tiendas con un estilo joven cuya diferencia se centrara en valores de tipo social,<\/strong> tendr\u00eda \u00e9xito. Con una comunicaci\u00f3n adecuada (en RRSS, por supuesto) estoy convencida de que triunfar\u00eda.<\/p>\n<p>[Lo s\u00e9\u2026, soy investigadora y deber\u00eda huir del \u201cyo creo que\u201d\u2026 en realidad estoy basando mi opini\u00f3n en el estudio de fuentes secundarias y la convivencia con una potencial compradora :), es una t\u00e9cnica de observaci\u00f3n en tiempo real, jeje.]<\/p>\n<h3><span style=\"color: #62c0ba;\">Un estudio de mercado que me gustar\u00eda realizar<\/span><\/h3>\n<p>La gran dificultad est\u00e1 en competir con los precios, algunos de estos comercios \u201csocialmente responsables\u201d tienen unos precios tan elevados que las familias -muy abatidas por la crisis, todav\u00eda- no se lo pueden permitir. Pero \u00bfy si nuestros adolescentes estuvieran dispuestos a tener menos vaqueros, a cambio de comprar en estos comercios?. \u00bfY si estas tiendas pudieran reducir un poco los precios de venta, a cambio de vender m\u00e1s cantidad?.<\/p>\n<p><strong>\u00bfY si les preguntamos directamente a los \u201cagentes\u201d implicados?<\/strong>: fabricantes, distribuidores, peque\u00f1os comercios y clientes de la generaci\u00f3n Z.<strong> Esto ser\u00eda una interesant\u00edsima investigaci\u00f3n de mercados.<\/strong><\/p>\n<p><strong>\u00bfY t\u00fa, est\u00e1s incluyendo a la generaci\u00f3n Z en tu oferta de productos y servicios,<\/strong> o est\u00e1s perdiendo la oportunidad de destacar en ese segmento?.<\/p>\n<p>Por cierto\u2026\u00bfalguien sabe d\u00f3nde puedo comprar en Zaragoza vaqueros y ropa \u201csocialmente responsable\u201d?&#8230;<\/p>\n<p>Si te interesa el Blog de IMPRO puedes inscribirte en el bolet\u00edn o en nuestras redes sociales y \u00a1s\u00edguenos!.Y si quieres hacer cualquier consulta privada no dudes en contactar con nosotros en mreula@improconsultores.com<\/p>\n","protected":false},"excerpt":{"rendered":"<p>La generaci\u00f3n Z est\u00e1 llena de bonitos valores y principios, tienen una preferencia clara por el consumo socialmente responsable, \u00bfles estamos ofreciendo los productos que buscan los j\u00f3venes y adolescentes?.<\/p>\n","protected":false},"author":2,"featured_media":2995,"comment_status":"closed","ping_status":"open","sticky":false,"template":"","format":"standard","meta":{"footnotes":""},"categories":[66,62],"tags":[76,77,86,78,79,80,87,71,72,63],"class_list":["post-3002","post","type-post","status-publish","format-standard","has-post-thumbnail","hentry","category-casos-reales","category-estudios-de-mercado","tag-cliente","tag-consumidor","tag-estudio-de-mercado","tag-experiencia-de-cliente","tag-fidelidad","tag-flexibilidad","tag-generacion-z","tag-observacion","tag-pequenas-empresas","tag-precio","category-66","category-62","description-off"],"aioseo_notices":[],"_links":{"self":[{"href":"https:\/\/laughing-merkle.178-33-114-166.plesk.page\/index.php?rest_route=\/wp\/v2\/posts\/3002","targetHints":{"allow":["GET"]}}],"collection":[{"href":"https:\/\/laughing-merkle.178-33-114-166.plesk.page\/index.php?rest_route=\/wp\/v2\/posts"}],"about":[{"href":"https:\/\/laughing-merkle.178-33-114-166.plesk.page\/index.php?rest_route=\/wp\/v2\/types\/post"}],"author":[{"embeddable":true,"href":"https:\/\/laughing-merkle.178-33-114-166.plesk.page\/index.php?rest_route=\/wp\/v2\/users\/2"}],"replies":[{"embeddable":true,"href":"https:\/\/laughing-merkle.178-33-114-166.plesk.page\/index.php?rest_route=%2Fwp%2Fv2%2Fcomments&post=3002"}],"version-history":[{"count":1,"href":"https:\/\/laughing-merkle.178-33-114-166.plesk.page\/index.php?rest_route=\/wp\/v2\/posts\/3002\/revisions"}],"predecessor-version":[{"id":11655,"href":"https:\/\/laughing-merkle.178-33-114-166.plesk.page\/index.php?rest_route=\/wp\/v2\/posts\/3002\/revisions\/11655"}],"wp:featuredmedia":[{"embeddable":true,"href":"https:\/\/laughing-merkle.178-33-114-166.plesk.page\/index.php?rest_route=\/wp\/v2\/media\/2995"}],"wp:attachment":[{"href":"https:\/\/laughing-merkle.178-33-114-166.plesk.page\/index.php?rest_route=%2Fwp%2Fv2%2Fmedia&parent=3002"}],"wp:term":[{"taxonomy":"category","embeddable":true,"href":"https:\/\/laughing-merkle.178-33-114-166.plesk.page\/index.php?rest_route=%2Fwp%2Fv2%2Fcategories&post=3002"},{"taxonomy":"post_tag","embeddable":true,"href":"https:\/\/laughing-merkle.178-33-114-166.plesk.page\/index.php?rest_route=%2Fwp%2Fv2%2Ftags&post=3002"}],"curies":[{"name":"wp","href":"https:\/\/api.w.org\/{rel}","templated":true}]}}